{"id":189,"date":"2023-01-20T12:00:26","date_gmt":"2023-01-20T03:00:26","guid":{"rendered":"https:\/\/b1yokkaichi.jp\/pt?post_type=news_post&#038;p=189"},"modified":"2023-08-10T09:30:28","modified_gmt":"2023-08-10T00:30:28","slug":"%e4%bb%a4%e5%92%8c%ef%bc%95%e5%b9%b4%e5%ba%a6%e3%80%80%e9%96%8b%e5%82%ac%e6%b1%ba%e5%ae%9a%ef%bc%81","status":"publish","type":"news_post","link":"https:\/\/b1yokkaichi.jp\/pt\/news_post\/189\/","title":{"rendered":"Decidiu-se por realizar em 2023!"},"content":{"rendered":"<p class=\"p1\"><span data-sheets-value=\"{&quot;1&quot;:2,&quot;2&quot;:&quot;O Grande Pr\u00eamio B-1, que foi adiado para evitar a propaga\u00e7\u00e3o da nova infec\u00e7\u00e3o por coronav\u00edrus, ser\u00e1 renomeado \\&quot;2023 Tokai\/Hokuriku B-1 Grande Pr\u00eamio em Yokkaichi\\&quot; no s\u00e1bado, 18 e 19 de novembro de 2023 (foi decidido espere&quot;}\" data-sheets-userformat=\"{&quot;2&quot;:829,&quot;3&quot;:{&quot;1&quot;:0},&quot;5&quot;:{&quot;1&quot;:[{&quot;1&quot;:2,&quot;2&quot;:0,&quot;5&quot;:{&quot;1&quot;:2,&quot;2&quot;:0}},{&quot;1&quot;:0,&quot;2&quot;:0,&quot;3&quot;:3},{&quot;1&quot;:1,&quot;2&quot;:0,&quot;4&quot;:1}]},&quot;6&quot;:{&quot;1&quot;:[{&quot;1&quot;:2,&quot;2&quot;:0,&quot;5&quot;:{&quot;1&quot;:2,&quot;2&quot;:0}},{&quot;1&quot;:0,&quot;2&quot;:0,&quot;3&quot;:3},{&quot;1&quot;:1,&quot;2&quot;:0,&quot;4&quot;:1}]},&quot;7&quot;:{&quot;1&quot;:[{&quot;1&quot;:2,&quot;2&quot;:0,&quot;5&quot;:{&quot;1&quot;:2,&quot;2&quot;:0}},{&quot;1&quot;:0,&quot;2&quot;:0,&quot;3&quot;:3},{&quot;1&quot;:1,&quot;2&quot;:0,&quot;4&quot;:1}]},&quot;8&quot;:{&quot;1&quot;:[{&quot;1&quot;:2,&quot;2&quot;:0,&quot;5&quot;:{&quot;1&quot;:2,&quot;2&quot;:0}},{&quot;1&quot;:0,&quot;2&quot;:0,&quot;3&quot;:3},{&quot;1&quot;:1,&quot;2&quot;:0,&quot;4&quot;:1}]},&quot;11&quot;:4,&quot;12&quot;:0}\">O Grande Pr\u00eamio B-1, que foi adiado para evitar a propaga\u00e7\u00e3o da nova infec\u00e7\u00e3o por coronav\u00edrus, ser\u00e1 renomeado &#8220;2023 Tokai\/Hokuriku B-1 Grande Pr\u00eamio em Yokkaichi&#8221; no s\u00e1bado, 18 e 19 de novembro de 2023 (foi decidido espere<\/span><\/p>\n","protected":false},"featured_media":0,"parent":0,"template":"","news_cat":[2],"acf":[],"_links":{"self":[{"href":"https:\/\/b1yokkaichi.jp\/pt\/wp-json\/wp\/v2\/news_post\/189"}],"collection":[{"href":"https:\/\/b1yokkaichi.jp\/pt\/wp-json\/wp\/v2\/news_post"}],"about":[{"href":"https:\/\/b1yokkaichi.jp\/pt\/wp-json\/wp\/v2\/types\/news_post"}],"wp:attachment":[{"href":"https:\/\/b1yokkaichi.jp\/pt\/wp-json\/wp\/v2\/media?parent=189"}],"wp:term":[{"taxonomy":"news_cat","embeddable":true,"href":"https:\/\/b1yokkaichi.jp\/pt\/wp-json\/wp\/v2\/news_cat?post=189"}],"curies":[{"name":"wp","href":"https:\/\/api.w.org\/{rel}","templated":true}]}}